{"id":1303,"date":"2025-11-18T12:33:00","date_gmt":"2025-11-18T12:33:00","guid":{"rendered":"https:\/\/new.tkpz.com.ua\/?p=1303"},"modified":"2026-05-02T12:33:40","modified_gmt":"2026-05-02T12:33:40","slug":"uporzadkowano-cmentarz-legionow-polskich-na-zakarpaciu-2","status":"publish","type":"post","link":"https:\/\/tkpz.com.ua\/index.php\/2025\/11\/18\/uporzadkowano-cmentarz-legionow-polskich-na-zakarpaciu-2\/","title":{"rendered":"Uporz\u0105dkowano Cmentarz Legion\u00f3w Polskich na Zakarpaciu"},"content":{"rendered":"\n<p>Akcja porz\u0105dkowania Cmentarza Legion\u00f3w Polskich w Dolinie P\u0142ajskiej pod Prze\u0142\u0119cz\u0105 Legion\u00f3w w Karpatach rozpocz\u0119\u0142a si\u0119 18 pa\u017adziernika 2025 roku.<\/p>\n\n\n\n<p>Wypraw\u0119 zorganizowa\u0142o Towarzystwo Kultury Polskiej Zakarpacia im. Gniewy Wo\u0142osiewicz, we wsp\u00f3\u0142pracy ze stowarzyszeniem Memento Bellum, Paw\u0142em Bobo\u0142owiczem, Mychajlom Ficaj.<\/p>\n\n\n\n<p>Podczas akcji wykoszono traw\u0119, odmalowano krzy\u017ce i ogrodzenie, wymieniono flagi oraz zapalono znicze na grobach poleg\u0142ych legionist\u00f3w. W pracach uczestniczyli cz\u0142onkowie Towarzystwa oraz miejscowi le\u015bnicy, kt\u00f3rzy wcze\u015bniej wykonali nowe ogrodzenie wok\u00f3\u0142 cmentarza.<\/p>\n\n\n\n<p>Przedsi\u0119wzi\u0119cie zosta\u0142o zrealizowane przy wsparciu i finansowaniu Konsulatu Generalnego RP we Lwowie.<\/p>\n\n\n\n<p>Ta wsp\u00f3lna praca przypomina, \u017ce pami\u0119\u0107 o poleg\u0142ych nie zna granic. Niech pami\u0119\u0107 o nich b\u0119dzie dla nas inspiracj\u0105 do troski i szacunku.<\/p>\n\n\n\n<p>Serdeczne podzi\u0119kowania dla wszystkich, kt\u00f3rzy przyczynili si\u0119 do tej akcji!<\/p>\n","protected":false},"excerpt":{"rendered":"<p>Akcja porz\u0105dkowania Cmentarza Legion\u00f3w Polskich w Dolinie P\u0142ajskiej pod Prze\u0142\u0119cz\u0105 Legion\u00f3w w Karpatach rozpocz\u0119\u0142a si\u0119 18 pa\u017adziernika 2025 roku. Wypraw\u0119 zorganizowa\u0142o Towarzystwo Kultury Polskiej Zakarpacia im. Gniewy Wo\u0142osiewicz, we wsp\u00f3\u0142pracy ze stowarzyszeniem Memento Bellum, Paw\u0142em Bobo\u0142owiczem, Mychajlom Ficaj. Podczas akcji wykoszono traw\u0119, odmalowano krzy\u017ce i ogrodzenie, wymieniono flagi oraz zapalono znicze na grobach poleg\u0142ych legionist\u00f3w. &hellip; <\/p>\n<p class=\"link-more\"><a href=\"https:\/\/tkpz.com.ua\/index.php\/2025\/11\/18\/uporzadkowano-cmentarz-legionow-polskich-na-zakarpaciu-2\/\" class=\"more-link\">Continue reading<span class=\"screen-reader-text\"> &#8220;Uporz\u0105dkowano Cmentarz Legion\u00f3w Polskich na Zakarpaciu&#8221;<\/span><\/a><\/p>\n","protected":false},"author":1,"featured_media":0,"comment_status":"open","ping_status":"open","sticky":false,"template":"","format":"standard","meta":{"footnotes":""},"categories":[1],"tags":[],"class_list":["post-1303","post","type-post","status-publish","format-standard","hentry","category-uncategorized"],"_links":{"self":[{"href":"https:\/\/tkpz.com.ua\/index.php\/wp-json\/wp\/v2\/posts\/1303","targetHints":{"allow":["GET"]}}],"collection":[{"href":"https:\/\/tkpz.com.ua\/index.php\/wp-json\/wp\/v2\/posts"}],"about":[{"href":"https:\/\/tkpz.com.ua\/index.php\/wp-json\/wp\/v2\/types\/post"}],"author":[{"embeddable":true,"href":"https:\/\/tkpz.com.ua\/index.php\/wp-json\/wp\/v2\/users\/1"}],"replies":[{"embeddable":true,"href":"https:\/\/tkpz.com.ua\/index.php\/wp-json\/wp\/v2\/comments?post=1303"}],"version-history":[{"count":1,"href":"https:\/\/tkpz.com.ua\/index.php\/wp-json\/wp\/v2\/posts\/1303\/revisions"}],"predecessor-version":[{"id":1304,"href":"https:\/\/tkpz.com.ua\/index.php\/wp-json\/wp\/v2\/posts\/1303\/revisions\/1304"}],"wp:attachment":[{"href":"https:\/\/tkpz.com.ua\/index.php\/wp-json\/wp\/v2\/media?parent=1303"}],"wp:term":[{"taxonomy":"category","embeddable":true,"href":"https:\/\/tkpz.com.ua\/index.php\/wp-json\/wp\/v2\/categories?post=1303"},{"taxonomy":"post_tag","embeddable":true,"href":"https:\/\/tkpz.com.ua\/index.php\/wp-json\/wp\/v2\/tags?post=1303"}],"curies":[{"name":"wp","href":"https:\/\/api.w.org\/{rel}","templated":true}]}}